{"id":4272,"date":"2022-09-21T14:35:28","date_gmt":"2022-09-21T17:35:28","guid":{"rendered":"https:\/\/planejeasfinancas.com.br\/?p=4272"},"modified":"2025-02-19T14:36:50","modified_gmt":"2025-02-19T14:36:50","slug":"auxilio-caminhoneiro","status":"publish","type":"post","link":"https:\/\/planejeasfinancas.com.br\/en\/auxilio-caminhoneiro\/","title":{"rendered":"Truck driver aid: everything you need to know"},"content":{"rendered":"<html><body><p>O<strong> truck driver assistance <\/strong>is a benefit offered by governments to truck drivers. This benefit is intended for drivers who are away from work due to illness, strike or any other reason. <\/p>\n\n\n\n<p>O <strong>truck driver assistance<\/strong> It is valid for those who are entitled to the benefit and provided by state-owned companies or public companies responsible for urban public transport. <\/p>\n\n\n\n<p>Drivers receive the benefit via credit card, check or bank transfer. <\/p>\n\n\n\n<p>The aid amounts vary according to the region where the driver resides. <\/p>\n\n\n\n<p>Aid for truck drivers is also known as <strong><a href=\"https:\/\/planejeasfinancas.com.br\/en\/auxilio-combustivel\/\"><mark style=\"background-color:rgba(0, 0, 0, 0)\" class=\"has-inline-color has-vivid-cyan-blue-color\">Emergency Benefit<\/mark><\/a><\/strong> for Independent Cargo Carriers. <\/p>\n\n\n\n\n\n<p>The aim of the initiative is to offset the high costs that the category had to bear due to the high price paid for fuel.<\/p>\n\n\n\n<p>However, this does not mean that the amount received must be used exclusively for the purchase of fuel, since no liability is required on the part of the beneficiary.<\/p>\n\n\n\n<div class=\"wp-block-buttons is-content-justification-center is-layout-flex wp-container-core-buttons-is-layout-1 wp-block-buttons-is-layout-flex\">\n<div class=\"wp-block-button has-custom-width wp-block-button__width-100 has-custom-font-size is-style-shadow\" style=\"font-size:28px\"><a class=\"wp-block-button__link has-vivid-green-cyan-background-color has-background\" href=\"https:\/\/planejeasfinancas.com.br\/en\/auxilio-brasil-o-que-e-como-funciona\/\" style=\"border-radius:44px\">SEE HOW TO RECEIVE AUX\u00cdLIO BRAZIL HERE!!!<\/a><\/div>\n<\/div>\n\n\n\n<hr class=\"wp-block-separator has-alpha-channel-opacity\">\n\n\n\n<p><strong>See also<\/strong><\/p>\n\n\n\n<ul class=\"wp-block-list\"><li><strong><mark style=\"background-color:rgba(0, 0, 0, 0)\" class=\"has-inline-color has-vivid-red-color\">Read:<\/mark> <\/strong><a href=\"https:\/\/planejeasfinancas.com.br\/en\/auxilio-combustivel\/\"><strong><mark style=\"background-color:rgba(0, 0, 0, 0)\" class=\"has-inline-color has-vivid-cyan-blue-color\">Fuel Aid: what is it, how does it work, how to apply?<\/mark><\/strong><\/a><\/li><\/ul>\n\n\n\n<ul class=\"wp-block-list\"><li><strong><mark style=\"background-color:rgba(0, 0, 0, 0)\" class=\"has-inline-color has-vivid-red-color\">Read:<\/mark> <\/strong><a href=\"https:\/\/planejeasfinancas.com.br\/en\/vale-gas-veja-como-funciona\/\"><strong><mark style=\"background-color:rgba(0, 0, 0, 0)\" class=\"has-inline-color has-vivid-cyan-blue-color\">Vale G\u00e1s: see how it works and how to apply for it<\/mark><\/strong><\/a><\/li><\/ul>\n\n\n\n<hr class=\"wp-block-separator has-alpha-channel-opacity\">\n\n\n\n<h2 class=\"wp-block-heading\"><strong><mark style=\"background-color:rgba(0, 0, 0, 0)\" class=\"has-inline-color has-vivid-cyan-blue-color\">Who can apply for and receive this truck driver assistance?<\/mark><\/strong><\/h2>\n\n\n\n<p>Aid for truck drivers is also called aid for good and will be granted to all truck drivers who work as self-employed professionals and meet the requirements, which we will outline below:<\/p>\n\n\n\n<p><strong>01<\/strong>. To qualify for this social program, the applicant must provide documents proving that he\/she is the owner, co-owner or lessee of a truck used for work activities. <\/p>\n\n\n\n<p>In addition, the truck driver must also have a vehicle with a minimum load of 500 kg.<\/p>\n\n\n\n<p><strong>02.<\/strong> Another mandatory requirement is registration with the RNTRC (National Register of Road Transport Operators), which is linked to the ANTT system.<\/p>\n\n\n\n<p><strong>03<\/strong>. The independent truck driver must prove that he is carrying out this activity as an independent professional or provide a certificate of completion of a course in this field.<\/p>\n\n\n\n<p>The important thing about requests for payment of the truck driver&#039;s subsidy is that this subsidy will be paid to all those who meet the above-mentioned requirements and that it will not be necessary to prove the destination of the money.<\/p>\n\n\n\n<div class=\"wp-block-buttons is-content-justification-center is-layout-flex wp-container-core-buttons-is-layout-2 wp-block-buttons-is-layout-flex\">\n<div class=\"wp-block-button has-custom-width wp-block-button__width-100 has-custom-font-size is-style-shadow\" style=\"font-size:28px\"><a class=\"wp-block-button__link has-luminous-vivid-amber-background-color has-background\" href=\"https:\/\/planejeasfinancas.com.br\/en\/auxilio-brasil-o-que-e-como-funciona\/\" style=\"border-radius:44px\">SEE HOW TO RECEIVE AUX\u00cdLIO BRAZIL HERE!!!<\/a><\/div>\n<\/div>\n\n\n\n<hr class=\"wp-block-separator has-alpha-channel-opacity\">\n\n\n\n<p><strong>See also<\/strong><\/p>\n\n\n\n<ul class=\"wp-block-list\"><li><strong><mark style=\"background-color:rgba(0, 0, 0, 0)\" class=\"has-inline-color has-vivid-red-color\">Read:<\/mark> <a href=\"https:\/\/planejeasfinancas.com.br\/en\/auxilio-creche-saiba-quem-tem-direito\/\"><mark style=\"background-color:rgba(0, 0, 0, 0)\" class=\"has-inline-color has-vivid-cyan-blue-color\">Daycare Assistance: find out who is entitled<\/mark><\/a><\/strong><\/li><\/ul>\n\n\n\n<ul class=\"wp-block-list\"><li><strong><mark style=\"background-color:rgba(0, 0, 0, 0)\" class=\"has-inline-color has-vivid-red-color\">Read:<\/mark> <a href=\"https:\/\/planejeasfinancas.com.br\/en\/auxilio-brasil-o-que-e-como-funciona\/\"><mark style=\"background-color:rgba(0, 0, 0, 0)\" class=\"has-inline-color has-vivid-cyan-blue-color\">Aux\u00edlio Brasil: what it is, how it works, see how to apply<\/mark><\/a><\/strong><\/li><\/ul>\n\n\n\n<hr class=\"wp-block-separator has-alpha-channel-opacity\">\n\n\n\n<h2 class=\"wp-block-heading\"><strong><mark style=\"background-color:rgba(0, 0, 0, 0)\" class=\"has-inline-color has-vivid-cyan-blue-color\">How will these payments be made?<\/mark><\/strong><\/h2>\n\n\n\n<p>As is customary with all government social benefits, there is a payment schedule that will be made to those who benefit until December.<\/p>\n\n\n\n<figure class=\"wp-block-table\"><table><tbody><tr><td>1st Installment of Truck Driver Aid<\/td><td>August 9, 2022<\/td><\/tr><tr><td>2nd Installment of Truck Driver Aid<\/td><td>August 9, 2022<\/td><\/tr><tr><td>3rd installment of truck driver aid<\/td><td>September 24, 2022<\/td><\/tr><tr><td>4th Installment of Truck Driver Aid<\/td><td>October 22, 2022<\/td><\/tr><tr><td>5th Installment of Truck Driver Aid<\/td><td>November 26, 2022<\/td><\/tr><tr><td>6th Installment of Truck Driver Aid<\/td><td>December 17, 2022<\/td><\/tr><\/tbody><\/table><\/figure>\n\n\n\n<h2 class=\"wp-block-heading\"><strong><mark style=\"background-color:rgba(0, 0, 0, 0)\" class=\"has-inline-color has-vivid-cyan-blue-color\">How do I apply for truck driver assistance?<\/mark><\/strong><\/h2>\n\n\n\n<p>In order to claim this benefit, the procedure described below must first be considered.<\/p>\n\n\n\n<p><strong>Step 1:<\/strong> Independent truck drivers must first be duly registered in the National Register of Road Truck Drivers (RNTR-C), all registrations for 2022 ended on May 31st. In addition to this registration, the truck&#039;s driving license and a registration number are also required. <strong><a href=\"https:\/\/planejeasfinancas.com.br\/en\/03-dicas-para-consultar-seu-cpf-online\/\"><mark style=\"background-color:rgba(0, 0, 0, 0)\" class=\"has-inline-color has-vivid-cyan-blue-color\">CPF <\/mark><\/a><\/strong>valid.<\/p>\n\n\n\n<p><strong>Step 2:<\/strong> After registering, wait for a response from the social program, which may take several business days. After the necessary period, you will proceed to the next stage of the process and receive the final amount of support.<\/p>\n\n\n\n<p>Another important aspect to highlight is that the organization responsible for selecting and registering candidates is ANTT of the Ministry of Land, Infrastructure and Transport. Therefore, find your nearest branch and <strong><a href=\"https:\/\/planejeasfinancas.com.br\/en\/auxilio-brasil-o-que-e-como-funciona\/\"><mark style=\"background-color:rgba(0, 0, 0, 0)\" class=\"has-inline-color has-vivid-red-color\">register now<\/mark><\/a><\/strong>.<\/p>\n\n\n\n<figure class=\"wp-block-embed is-type-video is-provider-youtube wp-block-embed-youtube wp-embed-aspect-16-9 wp-has-aspect-ratio\"><div class=\"wp-block-embed__wrapper\">\n<iframe loading=\"lazy\" title=\"Walker aid! Who is entitled to it? How to register? How much will you receive?\" width=\"500\" height=\"281\" src=\"https:\/\/www.youtube.com\/embed\/TXMlBaLzlzk?feature=oembed\" frameborder=\"0\" allow=\"accelerometer; autoplay; clipboard-write; encrypted-media; gyroscope; picture-in-picture; web-share\" referrerpolicy=\"strict-origin-when-cross-origin\" allowfullscreen><\/iframe>\n<\/div><figcaption>Image Credit\/Content Author \u2013 Taken from Youtube<\/figcaption><\/figure>\n\n\n\n<p>Did you like this content? If so, share it with your friends and on your social networks. Receive exclusive content every day by subscribing here at<strong><a href=\"https:\/\/news.google.com\/publications\/CAAqBwgKMOq9qgsw58jCAw?ceid=BR:pt-419&amp;oc=3\" target=\"_blank\" rel=\"noreferrer noopener\">\u00a0<mark style=\"background-color:rgba(0, 0, 0, 0)\" class=\"has-inline-color has-vivid-cyan-blue-color\">Google News<\/mark><\/a><\/strong>\u00a0100% for free and also here in our<strong><a href=\"https:\/\/planejeasfinancas.com.br\/en\/\">\u00a0<mark style=\"background-color:rgba(0, 0, 0, 0)\" class=\"has-inline-color has-vivid-cyan-blue-color\"> Finance Planning Blog<\/mark>.<\/a><\/strong>\u00a0Thank you!<\/p>\n<\/body><\/html>","protected":false},"excerpt":{"rendered":"<p>O aux\u00edlio caminhoneiro \u00e9 um benef\u00edcio oferecido pelos governos para os motoristas de caminh\u00f5es. Este benef\u00edcio \u00e9 destinado aos motoristas que sejam afastados do trabalho, por motivos de doen\u00e7a, por causa de greve ou qualquer outro motivo. O aux\u00edlio caminhoneiro \u00e9 v\u00e1lido para quem tenha direito ao benef\u00edcio e fornecido pelas estatais ou empresas p\u00fablicas [&hellip;]<\/p>\n","protected":false},"author":4,"featured_media":4321,"comment_status":"closed","ping_status":"open","sticky":false,"template":"","format":"standard","meta":{"footnotes":""},"categories":[10],"tags":[133,134,135],"class_list":["post-4272","post","type-post","status-publish","format-standard","has-post-thumbnail","hentry","category-investimentos","tag-auxilio-caminhoneiro","tag-beneficio-caminhoneiro","tag-caminhoneiro"],"_links":{"self":[{"href":"https:\/\/planejeasfinancas.com.br\/en\/wp-json\/wp\/v2\/posts\/4272","targetHints":{"allow":["GET"]}}],"collection":[{"href":"https:\/\/planejeasfinancas.com.br\/en\/wp-json\/wp\/v2\/posts"}],"about":[{"href":"https:\/\/planejeasfinancas.com.br\/en\/wp-json\/wp\/v2\/types\/post"}],"author":[{"embeddable":true,"href":"https:\/\/planejeasfinancas.com.br\/en\/wp-json\/wp\/v2\/users\/4"}],"replies":[{"embeddable":true,"href":"https:\/\/planejeasfinancas.com.br\/en\/wp-json\/wp\/v2\/comments?post=4272"}],"version-history":[{"count":1,"href":"https:\/\/planejeasfinancas.com.br\/en\/wp-json\/wp\/v2\/posts\/4272\/revisions"}],"predecessor-version":[{"id":12081,"href":"https:\/\/planejeasfinancas.com.br\/en\/wp-json\/wp\/v2\/posts\/4272\/revisions\/12081"}],"wp:featuredmedia":[{"embeddable":true,"href":"https:\/\/planejeasfinancas.com.br\/en\/wp-json\/"}],"wp:attachment":[{"href":"https:\/\/planejeasfinancas.com.br\/en\/wp-json\/wp\/v2\/media?parent=4272"}],"wp:term":[{"taxonomy":"category","embeddable":true,"href":"https:\/\/planejeasfinancas.com.br\/en\/wp-json\/wp\/v2\/categories?post=4272"},{"taxonomy":"post_tag","embeddable":true,"href":"https:\/\/planejeasfinancas.com.br\/en\/wp-json\/wp\/v2\/tags?post=4272"}],"curies":[{"name":"wp","href":"https:\/\/api.w.org\/{rel}","templated":true}]}}