{"id":4274,"date":"2022-09-21T07:00:00","date_gmt":"2022-09-21T10:00:00","guid":{"rendered":"https:\/\/planejeasfinancas.com.br\/?p=4274"},"modified":"2025-02-19T14:36:50","modified_gmt":"2025-02-19T14:36:50","slug":"auxilio-creche-saiba-quem-tem-direito","status":"publish","type":"post","link":"https:\/\/planejeasfinancas.com.br\/es\/auxilio-creche-saiba-quem-tem-direito\/","title":{"rendered":"Prestaci\u00f3n por cuidado de hijos: averig\u00fce qui\u00e9n tiene derecho a ella"},"content":{"rendered":"<html><body><p>\u00bfSab\u00edas que las madres trabajadoras <strong>CLT<\/strong> tiene derecho a una prestaci\u00f3n denominada <strong>ayuda para el cuidado de ni\u00f1os<\/strong>? Por ley, las prestaciones por maternidad son un derecho de las madres de beb\u00e9s menores de seis meses a disponer de un lugar donde dejar a sus hijos mientras ellas trabajan. <\/p>\n\n\n\n<p>Si no hay <strong>guarder\u00eda <\/strong>debe abonarse una cuota para que el trabajador pueda encontrar una guarder\u00eda cerca de su trabajo o domicilio. La asignaci\u00f3n para este fin no puede deducirse del empleado. <\/p>\n\n\n\n<p>Dado que no es un <strong>beneficio <\/strong>como un seguro m\u00e9dico o un bono de transporte, que puede ampliarse u ofrecerse con descuento.<\/p>\n\n\n\n<p>En <strong>CLT<\/strong>Esta obligaci\u00f3n se limita a las empresas con al menos 30 mujeres mayores de 16 a\u00f1os. <\/p>\n\n\n\n\n\n<p>Sin embargo, las organizaciones m\u00e1s peque\u00f1as tambi\u00e9n pueden ofrecer <strong>beneficios <\/strong>para las madres y la salud en el entorno organizativo.<\/p>\n\n\n\n<h2 class=\"wp-block-heading\"><strong><mark style=\"background-color:rgba(0, 0, 0, 0)\" class=\"has-inline-color has-vivid-cyan-blue-color\">\u00bfC\u00f3mo funciona la prestaci\u00f3n por cuidado de hijos?<\/mark><\/strong><\/h2>\n\n\n\n<div class=\"wp-block-buttons is-content-justification-center is-layout-flex wp-container-core-buttons-is-layout-1 wp-block-buttons-is-layout-flex\">\n<div class=\"wp-block-button has-custom-width wp-block-button__width-100 has-custom-font-size is-style-shadow\" style=\"font-size:28px\"><a class=\"wp-block-button__link has-luminous-vivid-amber-background-color has-background\" href=\"https:\/\/planejeasfinancas.com.br\/es\/auxilio-maternidade\/\" style=\"border-radius:100px\">\u00a1\u00a1\u00a1VER C\u00d3MO COBRAR EL SUBSIDIO DE MATERNIDAD!!!<\/a><\/div>\n<\/div>\n\n\n\n<p>Como ya se ha mencionado, todas las empresas privadas con al menos 30 empleadas de 16 a\u00f1os o m\u00e1s est\u00e1n obligadas a proporcionar un lugar para que las madres cuiden a sus hijos de 0 a 6 meses y a prestar servicios de guarder\u00eda.<\/p>\n\n\n\n<p>Esta ayuda preescolar tiene por objeto permitir a las mujeres trabajadoras con hijos menores de seis meses ejercer sus derechos maternales, y en muchos casos esta prestaci\u00f3n se prolonga m\u00e1s all\u00e1 de los seis meses.<\/p>\n\n\n\n<p>La cuant\u00eda y la duraci\u00f3n de la asistencia dependen de la normativa de la empresa y se determinan mediante negociaci\u00f3n colectiva entre trabajadores y categor\u00edas. <\/p>\n\n\n\n<p>En la mayor\u00eda de los casos, la solicitud la hacen las mujeres, aunque algunas empresas ya la conceden a los hombres.<\/p>\n\n\n\n<hr class=\"wp-block-separator has-alpha-channel-opacity\">\n\n\n\n<p><strong>Ver tambi\u00e9n<\/strong><\/p>\n\n\n\n<ul class=\"wp-block-list\"><li><strong><mark style=\"background-color:rgba(0, 0, 0, 0)\" class=\"has-inline-color has-vivid-red-color\">Siga leyendo:<\/mark> <a href=\"https:\/\/planejeasfinancas.com.br\/es\/auxilio-creche-saiba-quem-tem-direito\/\"><\/a><a href=\"https:\/\/planejeasfinancas.com.br\/es\/vale-gas-veja-como-funciona\/\"><mark style=\"background-color:rgba(0, 0, 0, 0)\" class=\"has-inline-color has-vivid-cyan-blue-color\">Vale G\u00e1s: vea c\u00f3mo funciona y c\u00f3mo solicitarlo<\/mark><\/a><\/strong><\/li><\/ul>\n\n\n\n<ul class=\"wp-block-list\"><li><strong><mark style=\"background-color:rgba(0, 0, 0, 0)\" class=\"has-inline-color has-vivid-red-color\">Siga leyendo:<\/mark> <a href=\"https:\/\/planejeasfinancas.com.br\/es\/auxilio-brasil-o-que-e-como-funciona\/\"><mark style=\"background-color:rgba(0, 0, 0, 0)\" class=\"has-inline-color has-vivid-cyan-blue-color\">Ayudas de Brasil: qu\u00e9 son, c\u00f3mo funcionan y c\u00f3mo solicitarlas<\/mark><\/a><\/strong><\/li><\/ul>\n\n\n\n<hr class=\"wp-block-separator has-alpha-channel-opacity is-style-default\">\n\n\n\n<h2 class=\"wp-block-heading\"><strong><mark style=\"background-color:rgba(0, 0, 0, 0)\" class=\"has-inline-color has-vivid-cyan-blue-color\">\u00bfQu\u00e9 importancia tiene el cuidado de los ni\u00f1os?<\/mark><\/strong><\/h2>\n\n\n\n<p>Las razones son muchas, pero lo cierto es que las empresas tienen que trabajar para atraer al mercado a las mujeres con m\u00e1s talento. Una forma es crear un entorno laboral que las acoja a ellas y a sus hijos.<\/p>\n\n\n\n<p>En otras palabras, hay un retorno garantizado de la inversi\u00f3n en ayuda para el cuidado de los hijos: la dedicaci\u00f3n de una madre. Sin esta ayuda, puede tener preocupaciones adicionales que la distraigan de la oficina.<\/p>\n\n\n\n<p>Por \u00faltimo, sabemos que la preocupaci\u00f3n por las madres se refleja en el entorno de toda la organizaci\u00f3n. <\/p>\n\n\n\n<p>Al ver esto, los dem\u00e1s empleados sienten que la direcci\u00f3n les valora personalmente y se identifican mucho m\u00e1s con la empresa.<\/p>\n\n\n\n<p>Esto aumenta la reputaci\u00f3n de la empresa y la percepci\u00f3n de su valor por parte de los empleados. De este modo, es posible crear una mayor atracci\u00f3n y retenci\u00f3n del talento, as\u00ed como mejorar el compromiso.<\/p>\n\n\n\n<h2 class=\"wp-block-heading\"><strong><mark style=\"background-color:rgba(0, 0, 0, 0)\" class=\"has-inline-color has-vivid-cyan-blue-color\">\u00bfQu\u00e9 dice hoy la ley sobre el cuidado de los ni\u00f1os?<\/mark><\/strong><\/h2>\n\n\n\n<p>Uno de los derechos constitucionales es proporcionar atenci\u00f3n infantil gratuita a los hijos y dependientes de los empleados desde el nacimiento hasta los seis a\u00f1os de edad.<\/p>\n\n\n\n<p>Las guarder\u00edas pueden estar ubicadas en la propia empresa o en otro lugar, mediante un contrato entre la empresa y una entidad p\u00fablica o privada, y los costes corren directa e \u00edntegramente a cargo de la empresa.<\/p>\n\n\n\n<p>Otra opci\u00f3n prevista por la ley es el subsidio de guarder\u00eda o reembolso de guarder\u00eda, una prestaci\u00f3n que permite a la empresa transferir el importe directamente al trabajador cuando no hay guarder\u00eda en el edificio de la empresa.<\/p>\n\n\n\n<p>En los casos en que la madre desee dejar a su beb\u00e9 con una cuidadora, nada en la legislaci\u00f3n impide a los trabajadores alcanzar un convenio colectivo para aplicar el importe de la prestaci\u00f3n a la beca de guarder\u00eda o el reembolso a la remuneraci\u00f3n de la cuidadora.<\/p>\n\n\n\n<hr class=\"wp-block-separator has-alpha-channel-opacity\">\n\n\n\n<p><strong>Ver tambi\u00e9n<\/strong><\/p>\n\n\n\n<ul class=\"wp-block-list\"><li><strong><mark style=\"background-color:rgba(0, 0, 0, 0)\" class=\"has-inline-color has-vivid-red-color\">Siga leyendo:<\/mark> <a href=\"https:\/\/planejeasfinancas.com.br\/es\/auxilio-creche-saiba-quem-tem-direito\/\"><\/a><a href=\"https:\/\/planejeasfinancas.com.br\/es\/auxilio-combustivel\/\"><mark style=\"background-color:rgba(0, 0, 0, 0)\" class=\"has-inline-color has-vivid-cyan-blue-color\">Subsidio de combustible: \u00bfqu\u00e9 es, c\u00f3mo funciona, c\u00f3mo solicitarlo?<\/mark><\/a><\/strong><\/li><\/ul>\n\n\n\n<ul class=\"wp-block-list\"><li><strong><mark style=\"background-color:rgba(0, 0, 0, 0)\" class=\"has-inline-color has-vivid-red-color\">Siga leyendo:<\/mark> <a href=\"https:\/\/planejeasfinancas.com.br\/es\/auxilio-brasil-o-que-e-como-funciona\/\"><\/a><a href=\"https:\/\/planejeasfinancas.com.br\/es\/auxilio-caminhoneiro\/\"><mark style=\"background-color:rgba(0, 0, 0, 0)\" class=\"has-inline-color has-vivid-cyan-blue-color\">Ayuda al conductor de cami\u00f3n: todo lo que debe saber<\/mark><\/a><\/strong><\/li><\/ul>\n\n\n\n<hr class=\"wp-block-separator has-alpha-channel-opacity\">\n\n\n\n<h2 class=\"wp-block-heading\"><strong><mark style=\"background-color:rgba(0, 0, 0, 0)\" class=\"has-inline-color has-vivid-cyan-blue-color\">\u00bfQu\u00e9 normas existen?<\/mark><\/strong><\/h2>\n\n\n\n<p>No existen reglas fijas para determinar durante cu\u00e1nto tiempo debe percibir un trabajador por cuenta ajena la prestaci\u00f3n por cuidado de hijos. <\/p>\n\n\n\n<p>No obstante, existe consenso en que el subsidio debe abonarse al menos durante todo el periodo de lactancia.<\/p>\n\n\n\n<p>No obstante, si existe un acuerdo entre el trabajador y la empresa, esta prestaci\u00f3n puede prolongarse ligeramente hasta la edad escolar, que es de al menos seis a\u00f1os. <\/p>\n\n\n\n<p>Por tanto, el l\u00edmite de pago depender\u00e1 del acuerdo firmado entre la madre y la empresa.<\/p>\n\n\n\n<figure class=\"wp-block-image size-full\"><img decoding=\"async\" src=\"https:\/\/planejeasfinancas.com.br\/wp-content\/uploads\/2022\/09\/image-7.png\" alt=\"\" class=\"wp-image-4278\"><\/figure>\n\n\n\n<h2 class=\"wp-block-heading\"><strong><mark style=\"background-color:rgba(0, 0, 0, 0)\" class=\"has-inline-color has-vivid-cyan-blue-color\">\u00bfTienen ahora los hombres derecho al cuidado de los hijos? \u00bfC\u00f3mo funciona?<\/mark><\/strong><\/h2>\n\n\n\n<p>Algunas empresas s\u00f3lo conceden la prestaci\u00f3n a las madres trabajadoras, y algunas trabajadoras han llevado el asunto a los tribunales para hacer valer sus derechos como beneficiarias.<\/p>\n\n\n\n<p>Sin embargo, la ley estipula que las personas con derecho a prestaciones deben estar empleadas en el sector privado, independientemente de su sexo. Por tanto, si eres padre y quieres beneficiarte de esta prestaci\u00f3n, debes ponerte en contacto con el departamento de personal de tu empresa.<\/p>\n\n\n\n<p>De este modo, se puede llegar a un acuerdo sobre la prestaci\u00f3n. No obstante, si una pareja trabaja junta, la prestaci\u00f3n debe concederse a la mujer.<\/p>\n\n\n\n<div class=\"wp-block-buttons is-content-justification-center is-layout-flex wp-container-core-buttons-is-layout-2 wp-block-buttons-is-layout-flex\">\n<div class=\"wp-block-button has-custom-width wp-block-button__width-100 has-custom-font-size is-style-shadow\" style=\"font-size:28px\"><a class=\"wp-block-button__link has-vivid-green-cyan-background-color has-background\" href=\"https:\/\/planejeasfinancas.com.br\/es\/auxilio-maternidade\/\" style=\"border-radius:78px\">\u00a1\u00a1\u00a1VER C\u00d3MO COBRAR EL SUBSIDIO DE MATERNIDAD!!!<\/a><\/div>\n<\/div>\n\n\n\n<h2 class=\"wp-block-heading\"><strong><mark style=\"background-color:rgba(0, 0, 0, 0)\" class=\"has-inline-color has-vivid-cyan-blue-color\">\u00bfC\u00f3mo se solicita la guarder\u00eda?<\/mark><\/strong><\/h2>\n\n\n\n<p>La solicitud de prestaci\u00f3n por cuidado de hijos debe hacerla directamente el trabajador por cuenta ajena. Para ello, es necesario dirigirse al departamento de recursos humanos de la empresa y solicitar un formulario de solicitud.<\/p>\n\n\n\n<p>A continuaci\u00f3n, rellenar\u00e1 el formulario de inscripci\u00f3n y presentar\u00e1 los documentos necesarios. La inscripci\u00f3n debe incluir el nombre de la madre, el certificado de nacimiento del ni\u00f1o, la duraci\u00f3n de la estancia en la guarder\u00eda, la cuota mensual, la <strong>CNPJ<\/strong>la direcci\u00f3n y el n\u00famero de tel\u00e9fono del empresario.<\/p>\n\n\n\n<p>En el caso de los hijastros, se requiere una copia del certificado de matrimonio o del documento de uni\u00f3n estable.<\/p>\n\n\n\n<p>Ahora bien, si el empleado es la persona responsable del ni\u00f1o, debe demostrar esta relaci\u00f3n de la misma manera, con un documento oficial. S\u00f3lo entonces el empleado tendr\u00e1 derecho a la prestaci\u00f3n por cuidado de hijos acordada con la empresa.<\/p>\n\n\n\n<figure class=\"wp-block-embed is-type-video is-provider-youtube wp-block-embed-youtube wp-embed-aspect-16-9 wp-has-aspect-ratio\"><div class=\"wp-block-embed__wrapper\">\n<iframe loading=\"lazy\" title=\"Prestaci\u00f3n por hijo a cargo 2022 Prestaci\u00f3n por hijo a cargo c\u00f3mo funciona Prestaci\u00f3n por hijo a cargo hasta qu\u00e9 edad se percibe\" width=\"500\" height=\"281\" src=\"https:\/\/www.youtube.com\/embed\/DucnO0d-Ch4?feature=oembed\" frameborder=\"0\" allow=\"accelerometer; autoplay; clipboard-write; encrypted-media; gyroscope; picture-in-picture; web-share\" referrerpolicy=\"strict-origin-when-cross-origin\" allowfullscreen><\/iframe>\n<\/div><figcaption>Cr\u00e9dito de la imagen\/Autor del contenido - Youtube<\/figcaption><\/figure>\n\n\n\n<p>\u00bfTe ha gustado este contenido? Si es as\u00ed, comp\u00e1rtelo con tus amigos y en tus redes sociales. Recibe contenidos exclusivos todos los d\u00edas suscribi\u00e9ndote aqu\u00ed en<strong><a href=\"https:\/\/news.google.com\/publications\/CAAqBwgKMOq9qgsw58jCAw?ceid=BR:pt-419&amp;oc=3\" target=\"_blank\" rel=\"noreferrer noopener\">\u00a0<\/a><\/strong><mark style=\"background-color:rgba(0, 0, 0, 0)\" class=\"has-inline-color has-vivid-cyan-blue-color\"><strong><a href=\"https:\/\/news.google.com\/publications\/CAAqBwgKMOq9qgsw58jCAw?ceid=BR:pt-419&amp;oc=3\" target=\"_blank\" rel=\"noreferrer noopener\">Noticias de Google<\/a><\/strong>\u00a0<\/mark>100% gratis y tambi\u00e9n aqu\u00ed en nuestro<strong><a href=\"https:\/\/planejeasfinancas.com.br\/es\/\">\u00a0<\/a><\/strong><mark style=\"background-color:rgba(0, 0, 0, 0)\" class=\"has-inline-color has-vivid-cyan-blue-color\"><strong><a href=\"https:\/\/planejeasfinancas.com.br\/es\/\">Planifica tu blog de finanzas.<\/a><\/strong>\u00a0<\/mark>Gracias.<\/p>\n<\/body><\/html>","protected":false},"excerpt":{"rendered":"<p>Voc\u00ea sabia que as mam\u00e3es que trabalham em regime CLT possui direito a um benef\u00edcio chamado aux\u00edlio creche? Por lei, as presta\u00e7\u00f5es de cuidados maternos s\u00e3o um direito das m\u00e3es de beb\u00eas com menos de seis meses de idade a ter um lugar para deixar os seus filhos enquanto eles est\u00e3o no trabalho. Se n\u00e3o [&hellip;]<\/p>\n","protected":false},"author":4,"featured_media":4279,"comment_status":"closed","ping_status":"open","sticky":false,"template":"","format":"standard","meta":{"footnotes":""},"categories":[10],"tags":[139,140,141,142],"class_list":["post-4274","post","type-post","status-publish","format-standard","has-post-thumbnail","hentry","category-investimentos","tag-auxilio-creche","tag-como-solicitar-o-auxilio-creche","tag-o-que-e-auxilio-creche","tag-veja-como-receber-auxilio-creche"],"_links":{"self":[{"href":"https:\/\/planejeasfinancas.com.br\/es\/wp-json\/wp\/v2\/posts\/4274","targetHints":{"allow":["GET"]}}],"collection":[{"href":"https:\/\/planejeasfinancas.com.br\/es\/wp-json\/wp\/v2\/posts"}],"about":[{"href":"https:\/\/planejeasfinancas.com.br\/es\/wp-json\/wp\/v2\/types\/post"}],"author":[{"embeddable":true,"href":"https:\/\/planejeasfinancas.com.br\/es\/wp-json\/wp\/v2\/users\/4"}],"replies":[{"embeddable":true,"href":"https:\/\/planejeasfinancas.com.br\/es\/wp-json\/wp\/v2\/comments?post=4274"}],"version-history":[{"count":1,"href":"https:\/\/planejeasfinancas.com.br\/es\/wp-json\/wp\/v2\/posts\/4274\/revisions"}],"predecessor-version":[{"id":12086,"href":"https:\/\/planejeasfinancas.com.br\/es\/wp-json\/wp\/v2\/posts\/4274\/revisions\/12086"}],"wp:featuredmedia":[{"embeddable":true,"href":"https:\/\/planejeasfinancas.com.br\/es\/wp-json\/"}],"wp:attachment":[{"href":"https:\/\/planejeasfinancas.com.br\/es\/wp-json\/wp\/v2\/media?parent=4274"}],"wp:term":[{"taxonomy":"category","embeddable":true,"href":"https:\/\/planejeasfinancas.com.br\/es\/wp-json\/wp\/v2\/categories?post=4274"},{"taxonomy":"post_tag","embeddable":true,"href":"https:\/\/planejeasfinancas.com.br\/es\/wp-json\/wp\/v2\/tags?post=4274"}],"curies":[{"name":"wp","href":"https:\/\/api.w.org\/{rel}","templated":true}]}}