{"id":4273,"date":"2022-09-21T13:34:49","date_gmt":"2022-09-21T16:34:49","guid":{"rendered":"https:\/\/planejeasfinancas.com.br\/?p=4273"},"modified":"2025-02-19T14:36:50","modified_gmt":"2025-02-19T14:36:50","slug":"vale-gas-veja-como-funciona","status":"publish","type":"post","link":"https:\/\/planejeasfinancas.com.br\/hi\/vale-gas-veja-como-funciona\/","title":{"rendered":"Vale G\u00e1s: veja como funciona e como solicitar o mesmo"},"content":{"rendered":"<html><body><p>O <strong>Vale g\u00e1s<\/strong> tem como objetivo <strong>beneficiar <\/strong>e ajudar as pessoas de baixos rendimentos. O governo decidiu que come\u00e7ar\u00e1 a pagar um subs\u00eddio destinado \u00e0s pessoas de baixos rendimentos este m\u00eas.<\/p>\n\n\n\n<p>Esta ajuda come\u00e7a a ser paga para compensar todos os aumentos dos pre\u00e7os do <strong>g\u00e1s de cozinha<\/strong> que ocorreram nos \u00faltimos meses. Muitos brasileiros est\u00e3o \u00e0 procura deste benef\u00edcio, mas poucos ser\u00e3o realmente eleg\u00edveis. <\/p>\n\n\n\n<p>Aprovado no ano passado com um primeiro pagamento em dezembro de 2021, o benef\u00edcio \u00e9 para a compra de um cilindro de GPL de 13 kg e ser\u00e1 pago juntamente com a folha de pagamento do <strong>Aux\u00edlio Brasil<\/strong>, com um cr\u00e9dito do valor na conta da <strong>\u092c\u0949\u0915\u094d\u0938 \u0939\u0948<\/strong>.<\/p>\n\n\n\n\n\n<p>O vale nacional de g\u00e1s veio para mitigar os impactos econ\u00f4micos da pandemia e tamb\u00e9m para ajudar mais fam\u00edlias a comprar o <strong>g\u00e1s de cozinha <\/strong>que \u00e9 essencial para a nossa vida quotidiana.<\/p>\n\n\n\n<h2 class=\"wp-block-heading\"><strong><mark style=\"background-color:rgba(0, 0, 0, 0)\" class=\"has-inline-color has-vivid-cyan-blue-color\">O vale de g\u00e1s \u00e9 um benef\u00edcio que fornece recursos \u00e0s fam\u00edlias com baixos rendimentos para que possam comprar 13 kg de g\u00e1s de cozinha<\/mark><\/strong><\/h2>\n\n\n\n<p>N\u00e3o \u00e9 preciso saber nada sobre economia para saber que o g\u00e1s de cozinha est\u00e1 a tornar-se cada vez mais caro, tal como outros bens de consumo. O cabaz alimentar b\u00e1sico, por exemplo, \u00e9 uma forma de abordar esta quest\u00e3o.<\/p>\n\n\n\n<p>Alguns governos estaduais criaram algo semelhante, e depois o governo federal assumiu a ideia de expandir o \u00e2mbito do projecto e alcan\u00e7ar ainda mais pessoas.<\/p>\n\n\n\n<p>O objetivo da validade nacional \u00e9 o mesmo que o de aliviar os bolsos dos mais pobres, uma vez que o g\u00e1s de cozinha aumentou quase trinta por cento.<\/p>\n\n\n\n<p>De acordo com o texto da lei que criou o <strong>subs\u00eddio de g\u00e1s<\/strong>, os brasileiros eleg\u00edveis para este subs\u00eddio s\u00e3o as fam\u00edlias registadas no <strong>Registo \u00danico<\/strong>, tamb\u00e9m conhecido como <strong>CAD <\/strong>\u00danico.<\/p>\n\n\n\n<div class=\"wp-block-buttons is-content-justification-center is-layout-flex wp-container-core-buttons-is-layout-1 wp-block-buttons-is-layout-flex\">\n<div class=\"wp-block-button has-custom-width wp-block-button__width-100 has-custom-font-size is-style-shadow\" style=\"font-size:28px\"><a class=\"wp-block-button__link has-luminous-vivid-amber-background-color has-background\" href=\"https:\/\/planejeasfinancas.com.br\/hi\/auxilio-brasil-o-que-e-como-funciona\/\" style=\"border-radius:100px\">VEJA COMO RECEBER AUX\u00cdLIO BRASIL AQUI!!!<\/a><\/div>\n<\/div>\n\n\n\n<h2 class=\"wp-block-heading\"><strong><mark style=\"background-color:rgba(0, 0, 0, 0)\" class=\"has-inline-color has-vivid-cyan-blue-color\">Vale ressaltar, que o rendimento per capita deve ser inferior a metade do sal\u00e1rio-m\u00ednimo<\/mark><\/strong><\/h2>\n\n\n\n<p>As fam\u00edlias que vivem no mesmo agregado familiar e que recebem presta\u00e7\u00f5es de assist\u00eancia social numa base cont\u00ednua s\u00e3o tamb\u00e9m eleg\u00edveis para o Vale G\u00e1s.<\/p>\n\n\n\n<p>As pessoas com defici\u00eancia e os idosos com 65 anos ou mais que provem que n\u00e3o disp\u00f5em de fundos pessoais para se sustentarem a si pr\u00f3prios ou \u00e0s suas fam\u00edlias t\u00eam direito a um sal\u00e1rio-m\u00ednimo mensal.<\/p>\n\n\n\n<p>Al\u00e9m disso, a lei estipula que \u00e9 dada assist\u00eancia priorit\u00e1ria \u00e0s mulheres v\u00edtimas de viol\u00eancia dom\u00e9stica que estejam sob a supervis\u00e3o de medidas de preven\u00e7\u00e3o de emerg\u00eancia.<\/p>\n\n\n\n<p>Al\u00e9m disso, de acordo com o texto da lei, a fam\u00edlia benefici\u00e1ria tem direito a receber um montante igual a pelo menos 50% do pre\u00e7o m\u00e9dio de refer\u00eancia nacional de uma garrafa de 13 kg de dois em dois meses.<\/p>\n\n\n\n<hr class=\"wp-block-separator has-alpha-channel-opacity\">\n\n\n\n<p><strong>Veja tamb\u00e9m<\/strong><\/p>\n\n\n\n<ul class=\"wp-block-list\"><li><strong><mark style=\"background-color:rgba(0, 0, 0, 0)\" class=\"has-inline-color has-vivid-red-color\">Leia:<\/mark> <a href=\"https:\/\/planejeasfinancas.com.br\/hi\/auxilio-creche-saiba-quem-tem-direito\/\"><mark style=\"background-color:rgba(0, 0, 0, 0)\" class=\"has-inline-color has-vivid-cyan-blue-color\">Aux\u00edlio Creche: saiba quem tem direito<\/mark><\/a><\/strong><\/li><\/ul>\n\n\n\n<ul class=\"wp-block-list\"><li><strong><mark style=\"background-color:rgba(0, 0, 0, 0)\" class=\"has-inline-color has-vivid-red-color\">Leia:<\/mark> <a href=\"https:\/\/planejeasfinancas.com.br\/hi\/auxilio-brasil-o-que-e-como-funciona\/\"><mark style=\"background-color:rgba(0, 0, 0, 0)\" class=\"has-inline-color has-vivid-cyan-blue-color\">Aux\u00edlio Brasil: o que \u00e9, como funciona, veja como solicitar<\/mark><\/a><\/strong><\/li><\/ul>\n\n\n\n<hr class=\"wp-block-separator has-alpha-channel-opacity\">\n\n\n\n<p>Isto ser\u00e1 poss\u00edvel atrav\u00e9s do mesmo mecanismo que \u00e9 o \u2018<strong>Bolsa Fam\u00edlia<\/strong>\u2018 para facilitar as opera\u00e7\u00f5es de pagamento.<\/p>\n\n\n\n<p>Assim, embora se espere que os vale g\u00e1s sejam pagos em 30 presta\u00e7\u00f5es cada dois meses, \u00e9 importante compreender que os <strong>cup\u00f5es de g\u00e1<\/strong>s s\u00e3o para pessoas inscritas no registo do agregado familiar.<\/p>\n\n\n\n<p>No entanto, o registo por si s\u00f3 n\u00e3o \u00e9 suficiente. \u00c9 dada prioridade \u00e0s fam\u00edlias em situa\u00e7\u00e3o de pobreza ou extrema pobreza. <\/p>\n\n\n\n<p>\u00c9 importante lembrar que as fam\u00edlias com um rendimento mensal de R$ 89 por pessoa s\u00e3o atualmente consideradas como estando em extrema pobreza.<\/p>\n\n\n\n<p>A introdu\u00e7\u00e3o do <strong>Vale G\u00e1s<\/strong>, o calend\u00e1rio de pagamento e todas as not\u00edcias sobre este programa podem ser encontrados diretamente neste blogue. <\/p>\n\n\n\n<p>Portanto, lembre-se de permitir que as notifica\u00e7\u00f5es se mantenham atualizadas com todos os benef\u00edcios governamentais.<\/p>\n\n\n\n<div class=\"wp-block-buttons is-content-justification-center is-layout-flex wp-container-core-buttons-is-layout-2 wp-block-buttons-is-layout-flex\">\n<div class=\"wp-block-button has-custom-width wp-block-button__width-100 has-custom-font-size is-style-shadow\" style=\"font-size:28px\"><a class=\"wp-block-button__link has-vivid-green-cyan-background-color has-background\" href=\"https:\/\/planejeasfinancas.com.br\/hi\/auxilio-brasil-o-que-e-como-funciona\/\" style=\"border-radius:100px\">VEJA COMO RECEBER AUX\u00cdLIO BRASIL AQUI!!!<\/a><\/div>\n<\/div>\n\n\n\n<h2 class=\"wp-block-heading\"><strong><mark style=\"background-color:rgba(0, 0, 0, 0)\" class=\"has-inline-color has-vivid-cyan-blue-color\">Quem pode utilizar o servi\u00e7o do Vale G\u00e1s?<\/mark><\/strong><\/h2>\n\n\n\n<p>As fam\u00edlias inscritas no <strong>Registo Unificado <\/strong>com um rendimento familiar mensal per capita inferior ou igual a metade do sal\u00e1rio-m\u00ednimo, incluindo as que recebem pagamentos ao abrigo de programas de transfer\u00eancia de rendimentos implementados pelos tr\u00eas n\u00edveis de governo, podem <strong>beneficiar do Program<\/strong>a.<\/p>\n\n\n\n<p>\u0906\u092a <strong>benef\u00edcios <\/strong>ao abrigo da <strong>Ajuda Brasileira<\/strong> n\u00e3o ser\u00e3o tidos em conta no c\u00e1lculo do limite mensal de rendimentos familiares para os requerentes de <strong>Ajuda de G\u00e1s<\/strong>. <\/p>\n\n\n\n<p>O programa aplica-se igualmente \u00e0s fam\u00edlias cujos membros incluem pessoas que vivem no mesmo agregado familiar e que recebem um subs\u00eddio pecuni\u00e1rio cont\u00ednuo (<strong>CAP<\/strong>), quer estejam ou n\u00e3o registadas no <strong>Registo \u00danico<\/strong>.<\/p>\n\n\n\n<p>Para as fam\u00edlias inscritas no registo \u00fanico, o pagamento do subs\u00eddio de g\u00e1s ser\u00e1 feito ao chefe de fam\u00edlia, de prefer\u00eancia uma mulher, como indicado no registo. <\/p>\n\n\n\n<p>Para as fam\u00edlias n\u00e3o inscritas no <strong>Registo Unificado<\/strong> com um benefici\u00e1rio <strong>COB<\/strong>, o pagamento ser\u00e1 feito ao propriet\u00e1rio da presta\u00e7\u00e3o social ou ao seu tutor legal.<\/p>\n\n\n\n<figure class=\"wp-block-embed is-type-video is-provider-youtube wp-block-embed-youtube wp-embed-aspect-16-9 wp-has-aspect-ratio\"><div class=\"wp-block-embed__wrapper\">\n<iframe loading=\"lazy\" title=\"AUX\u00cdLIO G\u00c1S: COMO VAI FUNCIONAR O VALE G\u00c1S? QUEM TEM DIREITO AO AUX\u00cdLIO G\u00c1S? QUAL VALOR DO VALE G\u00c1S?\" width=\"500\" height=\"281\" src=\"https:\/\/www.youtube.com\/embed\/OXKGAMtFZJ0?feature=oembed\" frameborder=\"0\" allow=\"accelerometer; autoplay; clipboard-write; encrypted-media; gyroscope; picture-in-picture; web-share\" referrerpolicy=\"strict-origin-when-cross-origin\" allowfullscreen><\/iframe>\n<\/div><figcaption>Cr\u00e9dito de Imagem\/Conte\u00fado Autor \u2013 Retirado do Youtube<\/figcaption><\/figure>\n\n\n\n<p>Gostou deste conte\u00fado? Se sim, compartilhe com seus amigos e em suas redes sociais. Receba diariamente conte\u00fados exclusivos se inscrevendo aqui no<strong><a href=\"https:\/\/news.google.com\/publications\/CAAqBwgKMOq9qgsw58jCAw?ceid=BR:pt-419&amp;oc=3\" target=\"_blank\" rel=\"noreferrer noopener\">\u00a0<\/a><\/strong><mark style=\"background-color:rgba(0, 0, 0, 0)\" class=\"has-inline-color has-vivid-cyan-blue-color\"><strong><a href=\"https:\/\/news.google.com\/publications\/CAAqBwgKMOq9qgsw58jCAw?ceid=BR:pt-419&amp;oc=3\" target=\"_blank\" rel=\"noreferrer noopener\">\u0917\u0942\u0917\u0932 \u0938\u092e\u093e\u091a\u093e\u0930<\/a><\/strong>\u00a0<\/mark>100% gratuitos e tamb\u00e9m aqui em nosso<strong><a href=\"https:\/\/planejeasfinancas.com.br\/hi\/\">\u00a0<mark style=\"background-color:rgba(0, 0, 0, 0)\" class=\"has-inline-color has-vivid-cyan-blue-color\">Blog Planeje as Finan\u00e7as<\/mark>.<\/a><\/strong>\u00a0Obrigado!<\/p>\n\n\n\n<p><strong>Veja tamb\u00e9m<\/strong><\/p>\n\n\n\n<ul class=\"wp-block-list\"><li><strong><mark style=\"background-color:rgba(0, 0, 0, 0)\" class=\"has-inline-color has-vivid-red-color\">Leia:<\/mark> <a href=\"https:\/\/planejeasfinancas.com.br\/hi\/auxilio-creche-saiba-quem-tem-direito\/\"><\/a><a href=\"https:\/\/planejeasfinancas.com.br\/hi\/como-funciona-o-saque-aniversario-do-fgts\/\"><mark style=\"background-color:rgba(0, 0, 0, 0)\" class=\"has-inline-color has-vivid-cyan-blue-color\">Como funciona o saque anivers\u00e1rio do FGTS \u2013 Guia completo<\/mark><\/a><\/strong><\/li><\/ul>\n\n\n\n<ul class=\"wp-block-list\"><li><strong><mark style=\"background-color:rgba(0, 0, 0, 0)\" class=\"has-inline-color has-vivid-red-color\">Leia:<\/mark> <a href=\"https:\/\/planejeasfinancas.com.br\/hi\/auxilio-brasil-o-que-e-como-funciona\/\"><\/a><a href=\"https:\/\/planejeasfinancas.com.br\/hi\/auxilio-doenca-pelo-app-meu-inss\/\"><mark style=\"background-color:rgba(0, 0, 0, 0)\" class=\"has-inline-color has-vivid-cyan-blue-color\">Como solicitar o aux\u00edlio-doen\u00e7a pelo app meu INSS<\/mark><\/a><\/strong><\/li><\/ul>\n<\/body><\/html>","protected":false},"excerpt":{"rendered":"<p>O Vale g\u00e1s tem como objetivo beneficiar e ajudar as pessoas de baixos rendimentos. O governo decidiu que come\u00e7ar\u00e1 a pagar um subs\u00eddio destinado \u00e0s pessoas de baixos rendimentos este m\u00eas. Esta ajuda come\u00e7a a ser paga para compensar todos os aumentos dos pre\u00e7os do g\u00e1s de cozinha que ocorreram nos \u00faltimos meses. Muitos brasileiros [&hellip;]<\/p>\n","protected":false},"author":4,"featured_media":4304,"comment_status":"closed","ping_status":"open","sticky":false,"template":"","format":"standard","meta":{"footnotes":""},"categories":[10],"tags":[136,137,138],"class_list":["post-4273","post","type-post","status-publish","format-standard","has-post-thumbnail","hentry","category-investimentos","tag-auxilio-gas","tag-o-que-e-vale-gas","tag-vale-gas"],"_links":{"self":[{"href":"https:\/\/planejeasfinancas.com.br\/hi\/wp-json\/wp\/v2\/posts\/4273","targetHints":{"allow":["GET"]}}],"collection":[{"href":"https:\/\/planejeasfinancas.com.br\/hi\/wp-json\/wp\/v2\/posts"}],"about":[{"href":"https:\/\/planejeasfinancas.com.br\/hi\/wp-json\/wp\/v2\/types\/post"}],"author":[{"embeddable":true,"href":"https:\/\/planejeasfinancas.com.br\/hi\/wp-json\/wp\/v2\/users\/4"}],"replies":[{"embeddable":true,"href":"https:\/\/planejeasfinancas.com.br\/hi\/wp-json\/wp\/v2\/comments?post=4273"}],"version-history":[{"count":1,"href":"https:\/\/planejeasfinancas.com.br\/hi\/wp-json\/wp\/v2\/posts\/4273\/revisions"}],"predecessor-version":[{"id":12083,"href":"https:\/\/planejeasfinancas.com.br\/hi\/wp-json\/wp\/v2\/posts\/4273\/revisions\/12083"}],"wp:featuredmedia":[{"embeddable":true,"href":"https:\/\/planejeasfinancas.com.br\/hi\/wp-json\/"}],"wp:attachment":[{"href":"https:\/\/planejeasfinancas.com.br\/hi\/wp-json\/wp\/v2\/media?parent=4273"}],"wp:term":[{"taxonomy":"category","embeddable":true,"href":"https:\/\/planejeasfinancas.com.br\/hi\/wp-json\/wp\/v2\/categories?post=4273"},{"taxonomy":"post_tag","embeddable":true,"href":"https:\/\/planejeasfinancas.com.br\/hi\/wp-json\/wp\/v2\/tags?post=4273"}],"curies":[{"name":"wp","href":"https:\/\/api.w.org\/{rel}","templated":true}]}}