{"id":4274,"date":"2022-09-21T07:00:00","date_gmt":"2022-09-21T10:00:00","guid":{"rendered":"https:\/\/planejeasfinancas.com.br\/?p=4274"},"modified":"2025-02-19T14:36:50","modified_gmt":"2025-02-19T14:36:50","slug":"auxilio-creche-saiba-quem-tem-direito","status":"publish","type":"post","link":"https:\/\/planejeasfinancas.com.br\/ja\/auxilio-creche-saiba-quem-tem-direito\/","title":{"rendered":"Aux\u00edlio Creche: saiba quem tem direito"},"content":{"rendered":"<html><body><p>Voc\u00ea sabia que as mam\u00e3es que trabalham em regime <strong>CLT<\/strong> possui direito a um benef\u00edcio chamado <strong>aux\u00edlio creche<\/strong>? Por lei, as presta\u00e7\u00f5es de cuidados maternos s\u00e3o um direito das m\u00e3es de beb\u00eas com menos de seis meses de idade a ter um lugar para deixar os seus filhos enquanto eles est\u00e3o no trabalho. <\/p>\n\n\n\n<p>Se n\u00e3o houver uma <strong>creche <\/strong>nas instala\u00e7\u00f5es da empresa, deve ser paga uma taxa para que o empregado possa encontrar uma creche pr\u00f3ximo ao trabalho ou casa da mesma. A atribui\u00e7\u00e3o para este fim n\u00e3o pode ser deduzida do empregado. <\/p>\n\n\n\n<p>Uma vez que n\u00e3o \u00e9 um <strong>benef\u00edcio <\/strong>como um plano de sa\u00fade ou um vale de transporte, que pode ser prolongado ou oferecido com desconto.<\/p>\n\n\n\n<p>Na <strong>CLT<\/strong>, esta obriga\u00e7\u00e3o \u00e9 limitada \u00e0s empresas com pelo menos 30 mulheres com mais de 16 anos de idade. <\/p>\n\n\n\n\n\n<p>Contudo, as organiza\u00e7\u00f5es menores tamb\u00e9m podem proporcionar <strong>benef\u00edcios <\/strong>para as m\u00e3es e para a sa\u00fade no ambiente organizacional.<\/p>\n\n\n\n<h2 class=\"wp-block-heading\"><strong><mark style=\"background-color:rgba(0, 0, 0, 0)\" class=\"has-inline-color has-vivid-cyan-blue-color\">Mais como funciona o aux\u00edlio creche?<\/mark><\/strong><\/h2>\n\n\n\n<div class=\"wp-block-buttons is-content-justification-center is-layout-flex wp-container-core-buttons-is-layout-1 wp-block-buttons-is-layout-flex\">\n<div class=\"wp-block-button has-custom-width wp-block-button__width-100 has-custom-font-size is-style-shadow\" style=\"font-size:28px\"><a class=\"wp-block-button__link has-luminous-vivid-amber-background-color has-background\" href=\"https:\/\/planejeasfinancas.com.br\/ja\/auxilio-maternidade\/\" style=\"border-radius:100px\">VEJA COMO RECEBER AUX\u00cdLIO MATERNIDADE!!!<\/a><\/div>\n<\/div>\n\n\n\n<p>Como acima mencionado, todas as empresas privadas com pelo menos 30 mulheres empregadas com 16 ou mais anos de idade s\u00e3o obrigadas a providenciar um lugar para as m\u00e3es cuidarem dos seus filhos com idades compreendidas entre os 0-6 meses e a presta\u00e7\u00e3o de cuidados infantis.<\/p>\n\n\n\n<p>Esta assist\u00eancia pr\u00e9-escolar destina-se a permitir que as mulheres que trabalham e t\u00eam filhos com menos de seis meses possam exercer os seus direitos maternos, e em muitos casos este benef\u00edcio \u00e9 prolongado para al\u00e9m dos seis meses.<\/p>\n\n\n\n<p>O montante e a dura\u00e7\u00e3o da assist\u00eancia dependem dos regulamentos da empresa e \u00e9 determinado por negocia\u00e7\u00e3o coletiva entre trabalhadores e categorias. <\/p>\n\n\n\n<p>Na maioria dos casos, a solicita\u00e7\u00e3o \u00e9 feita pelas as mulheres, embora algumas empresas j\u00e1 o concedam aos homens.<\/p>\n\n\n\n<hr class=\"wp-block-separator has-alpha-channel-opacity\">\n\n\n\n<p><strong>Veja tamb\u00e9m<\/strong><\/p>\n\n\n\n<ul class=\"wp-block-list\"><li><strong><mark style=\"background-color:rgba(0, 0, 0, 0)\" class=\"has-inline-color has-vivid-red-color\">Leia:<\/mark> <a href=\"https:\/\/planejeasfinancas.com.br\/ja\/auxilio-creche-saiba-quem-tem-direito\/\"><\/a><a href=\"https:\/\/planejeasfinancas.com.br\/ja\/vale-gas-veja-como-funciona\/\"><mark style=\"background-color:rgba(0, 0, 0, 0)\" class=\"has-inline-color has-vivid-cyan-blue-color\">Vale G\u00e1s: veja como funciona e como solicitar o mesmo<\/mark><\/a><\/strong><\/li><\/ul>\n\n\n\n<ul class=\"wp-block-list\"><li><strong><mark style=\"background-color:rgba(0, 0, 0, 0)\" class=\"has-inline-color has-vivid-red-color\">Leia:<\/mark> <a href=\"https:\/\/planejeasfinancas.com.br\/ja\/auxilio-brasil-o-que-e-como-funciona\/\"><mark style=\"background-color:rgba(0, 0, 0, 0)\" class=\"has-inline-color has-vivid-cyan-blue-color\">Aux\u00edlio Brasil: o que \u00e9, como funciona, veja como solicitar<\/mark><\/a><\/strong><\/li><\/ul>\n\n\n\n<hr class=\"wp-block-separator has-alpha-channel-opacity is-style-default\">\n\n\n\n<h2 class=\"wp-block-heading\"><strong><mark style=\"background-color:rgba(0, 0, 0, 0)\" class=\"has-inline-color has-vivid-cyan-blue-color\">Qual \u00e9 a import\u00e2ncia do aux\u00edlio creche?<\/mark><\/strong><\/h2>\n\n\n\n<p>As raz\u00f5es s\u00e3o muitas, mas o facto \u00e9 que as empresas precisam de trabalhar para atrair as mulheres mais talentosas para o mercado. Uma maneira \u00e9 criar um ambiente de trabalho que as acolha e aos seus filhos.<\/p>\n\n\n\n<p>Por outras palavras, h\u00e1 um retorno garantido do investimento no subs\u00eddio de guarda de crian\u00e7as: a dedica\u00e7\u00e3o de uma m\u00e3e. Sem essa ajuda, ela pode ter preocupa\u00e7\u00f5es adicionais que a distrair\u00e3o do escrit\u00f3rio.<\/p>\n\n\n\n<p>Finalmente, sabemos que a preocupa\u00e7\u00e3o com as m\u00e3es se reflete no ambiente de toda a organiza\u00e7\u00e3o. <\/p>\n\n\n\n<p>Vendo isto, outros empregados sentem que a dire\u00e7\u00e3o os valoriza pessoalmente e identificam-se muito mais com a empresa.<\/p>\n\n\n\n<p>Desta forma, aumenta a reputa\u00e7\u00e3o da empresa e a percep\u00e7\u00e3o do seu valor por parte dos empregados. Desta forma, \u00e9 poss\u00edvel criar maior atrac\u00e7\u00e3o e reten\u00e7\u00e3o de talentos, bem como melhorar o envolvimento.<\/p>\n\n\n\n<h2 class=\"wp-block-heading\"><strong><mark style=\"background-color:rgba(0, 0, 0, 0)\" class=\"has-inline-color has-vivid-cyan-blue-color\">O que diz a LEI hoje sobre o aux\u00edlio creche?<\/mark><\/strong><\/h2>\n\n\n\n<p>Um dos direitos constitucionais \u00e9 prestar assist\u00eancia gratuita em creches para as crian\u00e7as e dependentes de empregados desde o nascimento at\u00e9 aos seis anos de idade.<\/p>\n\n\n\n<p>As creches podem ser localizadas na pr\u00f3pria empresa ou noutro local, atrav\u00e9s de um contrato entre a empresa e uma entidade p\u00fablica ou privada, sendo os custos suportados direta e inteiramente pela empresa.<\/p>\n\n\n\n<p>Outra op\u00e7\u00e3o prevista por lei \u00e9 o subs\u00eddio de creche ou o reembolso da creche, um benef\u00edcio que permite \u00e0 empresa transferir o valor diretamente para o empregado quando n\u00e3o h\u00e1 creche no edif\u00edcio da empresa.<\/p>\n\n\n\n<p>Nos casos em que a m\u00e3e deseja deixar o seu beb\u00e9 com uma ama, n\u00e3o h\u00e1 nada na legisla\u00e7\u00e3o que impe\u00e7a os trabalhadores de chegar a um acordo coletivo para aplicar o valor da presta\u00e7\u00e3o a bolsa de creche ou o reembolso \u00e0 remunera\u00e7\u00e3o da ama.<\/p>\n\n\n\n<hr class=\"wp-block-separator has-alpha-channel-opacity\">\n\n\n\n<p><strong>Veja tamb\u00e9m<\/strong><\/p>\n\n\n\n<ul class=\"wp-block-list\"><li><strong><mark style=\"background-color:rgba(0, 0, 0, 0)\" class=\"has-inline-color has-vivid-red-color\">Leia:<\/mark> <a href=\"https:\/\/planejeasfinancas.com.br\/ja\/auxilio-creche-saiba-quem-tem-direito\/\"><\/a><a href=\"https:\/\/planejeasfinancas.com.br\/ja\/auxilio-combustivel\/\"><mark style=\"background-color:rgba(0, 0, 0, 0)\" class=\"has-inline-color has-vivid-cyan-blue-color\">Aux\u00edlio Combust\u00edvel: o que \u00e9, como funciona, como solicitar?<\/mark><\/a><\/strong><\/li><\/ul>\n\n\n\n<ul class=\"wp-block-list\"><li><strong><mark style=\"background-color:rgba(0, 0, 0, 0)\" class=\"has-inline-color has-vivid-red-color\">Leia:<\/mark> <a href=\"https:\/\/planejeasfinancas.com.br\/ja\/auxilio-brasil-o-que-e-como-funciona\/\"><\/a><a href=\"https:\/\/planejeasfinancas.com.br\/ja\/auxilio-caminhoneiro\/\"><mark style=\"background-color:rgba(0, 0, 0, 0)\" class=\"has-inline-color has-vivid-cyan-blue-color\">Aux\u00edlio Caminhoneiro: tudo que voc\u00ea precisa saber<\/mark><\/a><\/strong><\/li><\/ul>\n\n\n\n<hr class=\"wp-block-separator has-alpha-channel-opacity\">\n\n\n\n<h2 class=\"wp-block-heading\"><strong><mark style=\"background-color:rgba(0, 0, 0, 0)\" class=\"has-inline-color has-vivid-cyan-blue-color\">Que regras existem?<\/mark><\/strong><\/h2>\n\n\n\n<p>N\u00e3o existem regras fixas para determinar por quanto tempo um empregado deve receber um subs\u00eddio de guarda de crian\u00e7as. <\/p>\n\n\n\n<p>Contudo, existe uma decis\u00e3o consensual de que o subs\u00eddio deve ser pago pelo menos durante todo o per\u00edodo de aleitamento materno.<\/p>\n\n\n\n<p>Contudo, se houver um acordo entre o empregado e a empresa, este benef\u00edcio pode ser ligeiramente prolongado at\u00e9 \u00e0 idade escolar, que \u00e9 de pelo menos seis anos. <\/p>\n\n\n\n<p>O limite de pagamento depender\u00e1, portanto, do acordo assinado entre a m\u00e3e e a empresa.<\/p>\n\n\n\n<figure class=\"wp-block-image size-full\"><img decoding=\"async\" src=\"https:\/\/planejeasfinancas.com.br\/wp-content\/uploads\/2022\/09\/image-7.png\" alt=\"\" class=\"wp-image-4278\"><\/figure>\n\n\n\n<h2 class=\"wp-block-heading\"><strong><mark style=\"background-color:rgba(0, 0, 0, 0)\" class=\"has-inline-color has-vivid-cyan-blue-color\">Homem hoje tem direito ao aux\u00edlio creche? Como funciona?<\/mark><\/strong><\/h2>\n\n\n\n<p>Algumas empresas apenas concedem o benef\u00edcio \u00e0s m\u00e3es trabalhadoras, e algumas trabalhadoras levaram o assunto a tribunal para fazer valer os seus direitos como benefici\u00e1rias.<\/p>\n\n\n\n<p>Contudo, a lei estipula que as pessoas eleg\u00edveis para os benef\u00edcios devem ser empregues no sector privado, independentemente do sexo. Portanto, se for pai e quiser tirar partido deste benef\u00edcio, deve contactar o departamento de pessoal da sua empresa.<\/p>\n\n\n\n<p>Desta forma, \u00e9 poss\u00edvel chegar a um acordo sobre o benef\u00edcio. Contudo, se um casal trabalha em conjunto, o benef\u00edcio deve ser concedido \u00e0 mulher.<\/p>\n\n\n\n<div class=\"wp-block-buttons is-content-justification-center is-layout-flex wp-container-core-buttons-is-layout-2 wp-block-buttons-is-layout-flex\">\n<div class=\"wp-block-button has-custom-width wp-block-button__width-100 has-custom-font-size is-style-shadow\" style=\"font-size:28px\"><a class=\"wp-block-button__link has-vivid-green-cyan-background-color has-background\" href=\"https:\/\/planejeasfinancas.com.br\/ja\/auxilio-maternidade\/\" style=\"border-radius:78px\">VEJA COMO RECEBER AUX\u00cdLIO MATERNIDADE!!!<\/a><\/div>\n<\/div>\n\n\n\n<h2 class=\"wp-block-heading\"><strong><mark style=\"background-color:rgba(0, 0, 0, 0)\" class=\"has-inline-color has-vivid-cyan-blue-color\">Como solicitar o benef\u00edcio aux\u00edlio creche?<\/mark><\/strong><\/h2>\n\n\n\n<p>Os pedidos de subs\u00eddio de guarda de crian\u00e7as devem ser feitos diretamente pelo empregado. \u00c9 ent\u00e3o necess\u00e1rio dirigir-se ao departamento de recursos humanos da empresa e solicitar um formul\u00e1rio de candidatura.<\/p>\n\n\n\n<p>Ela preencher\u00e1, portanto, o formul\u00e1rio de registo e apresentar\u00e1 os documentos necess\u00e1rios. O registo deve incluir o nome da m\u00e3e, a certid\u00e3o de nascimento da crian\u00e7a, a dura\u00e7\u00e3o da estadia na creche, a mensalidade, o <strong>CNPJ<\/strong>, o endere\u00e7o e o n\u00famero de telefone da empresa empregadora.<\/p>\n\n\n\n<p>No caso de enteados, \u00e9 necess\u00e1ria uma c\u00f3pia da certid\u00e3o de casamento ou do documento de uni\u00e3o est\u00e1vel.<\/p>\n\n\n\n<p>Agora, se o empregado \u00e9 a pessoa respons\u00e1vel pela crian\u00e7a, deve provar esta rela\u00e7\u00e3o da mesma forma, com um documento oficial. S\u00f3 ent\u00e3o o empregado ter\u00e1 direito ao subs\u00eddio de creche acordado com a empresa.<\/p>\n\n\n\n<figure class=\"wp-block-embed is-type-video is-provider-youtube wp-block-embed-youtube wp-embed-aspect-16-9 wp-has-aspect-ratio\"><div class=\"wp-block-embed__wrapper\">\n<iframe loading=\"lazy\" title=\"Aux\u00edlio Creche pago por filho 2022 Aux\u00edlio Creche como funciona Aux\u00edlio Creche at\u00e9 que idade recebe\" width=\"500\" height=\"281\" src=\"https:\/\/www.youtube.com\/embed\/DucnO0d-Ch4?feature=oembed\" frameborder=\"0\" allow=\"accelerometer; autoplay; clipboard-write; encrypted-media; gyroscope; picture-in-picture; web-share\" referrerpolicy=\"strict-origin-when-cross-origin\" allowfullscreen><\/iframe>\n<\/div><figcaption>Cr\u00e9dito de Imagem\/Conte\u00fado Autor \u2013 Youtube<\/figcaption><\/figure>\n\n\n\n<p>Gostou deste conte\u00fado? Se sim, compartilhe com seus amigos e em suas redes sociais. Receba diariamente conte\u00fados exclusivos se inscrevendo aqui no<strong><a href=\"https:\/\/news.google.com\/publications\/CAAqBwgKMOq9qgsw58jCAw?ceid=BR:pt-419&amp;oc=3\" target=\"_blank\" rel=\"noreferrer noopener\">\u00a0<\/a><\/strong><mark style=\"background-color:rgba(0, 0, 0, 0)\" class=\"has-inline-color has-vivid-cyan-blue-color\"><strong><a href=\"https:\/\/news.google.com\/publications\/CAAqBwgKMOq9qgsw58jCAw?ceid=BR:pt-419&amp;oc=3\" target=\"_blank\" rel=\"noreferrer noopener\">Google\u30cb\u30e5\u30fc\u30b9<\/a><\/strong>\u00a0<\/mark>100% gratuitos e tamb\u00e9m aqui em nosso<strong><a href=\"https:\/\/planejeasfinancas.com.br\/ja\/\">\u00a0<\/a><\/strong><mark style=\"background-color:rgba(0, 0, 0, 0)\" class=\"has-inline-color has-vivid-cyan-blue-color\"><strong><a href=\"https:\/\/planejeasfinancas.com.br\/ja\/\">Blog Planeje as Finan\u00e7as.<\/a><\/strong>\u00a0<\/mark>Obrigado!<\/p>\n<\/body><\/html>","protected":false},"excerpt":{"rendered":"<p>Voc\u00ea sabia que as mam\u00e3es que trabalham em regime CLT possui direito a um benef\u00edcio chamado aux\u00edlio creche? Por lei, as presta\u00e7\u00f5es de cuidados maternos s\u00e3o um direito das m\u00e3es de beb\u00eas com menos de seis meses de idade a ter um lugar para deixar os seus filhos enquanto eles est\u00e3o no trabalho. Se n\u00e3o houver uma creche nas instala\u00e7\u00f5es da empresa, deve ser paga uma taxa para que o empregado possa encontrar uma creche pr\u00f3ximo ao trabalho ou casa da mesma. A atribui\u00e7\u00e3o para este fim n\u00e3o pode ser deduzida do empregado. Uma vez que n\u00e3o \u00e9 um benef\u00edcio como um plano de sa\u00fade ou um vale de transporte, [&hellip;]<\/p>\n","protected":false},"author":4,"featured_media":4279,"comment_status":"closed","ping_status":"open","sticky":false,"template":"","format":"standard","meta":{"footnotes":""},"categories":[10],"tags":[139,140,141,142],"class_list":["post-4274","post","type-post","status-publish","format-standard","has-post-thumbnail","hentry","category-investimentos","tag-auxilio-creche","tag-como-solicitar-o-auxilio-creche","tag-o-que-e-auxilio-creche","tag-veja-como-receber-auxilio-creche"],"_links":{"self":[{"href":"https:\/\/planejeasfinancas.com.br\/ja\/wp-json\/wp\/v2\/posts\/4274","targetHints":{"allow":["GET"]}}],"collection":[{"href":"https:\/\/planejeasfinancas.com.br\/ja\/wp-json\/wp\/v2\/posts"}],"about":[{"href":"https:\/\/planejeasfinancas.com.br\/ja\/wp-json\/wp\/v2\/types\/post"}],"author":[{"embeddable":true,"href":"https:\/\/planejeasfinancas.com.br\/ja\/wp-json\/wp\/v2\/users\/4"}],"replies":[{"embeddable":true,"href":"https:\/\/planejeasfinancas.com.br\/ja\/wp-json\/wp\/v2\/comments?post=4274"}],"version-history":[{"count":1,"href":"https:\/\/planejeasfinancas.com.br\/ja\/wp-json\/wp\/v2\/posts\/4274\/revisions"}],"predecessor-version":[{"id":12086,"href":"https:\/\/planejeasfinancas.com.br\/ja\/wp-json\/wp\/v2\/posts\/4274\/revisions\/12086"}],"wp:featuredmedia":[{"embeddable":true,"href":"https:\/\/planejeasfinancas.com.br\/ja\/wp-json\/"}],"wp:attachment":[{"href":"https:\/\/planejeasfinancas.com.br\/ja\/wp-json\/wp\/v2\/media?parent=4274"}],"wp:term":[{"taxonomy":"category","embeddable":true,"href":"https:\/\/planejeasfinancas.com.br\/ja\/wp-json\/wp\/v2\/categories?post=4274"},{"taxonomy":"post_tag","embeddable":true,"href":"https:\/\/planejeasfinancas.com.br\/ja\/wp-json\/wp\/v2\/tags?post=4274"}],"curies":[{"name":"wp","href":"https:\/\/api.w.org\/{rel}","templated":true}]}}